{"id":4856,"date":"2021-01-28T11:47:00","date_gmt":"2021-01-28T11:47:00","guid":{"rendered":"https:\/\/www.aktionlegal.com\/?p=4856"},"modified":"2024-05-31T12:29:13","modified_gmt":"2024-05-31T12:29:13","slug":"privacidad-desde-el-diseno-para-startups-en-fase-seed","status":"publish","type":"post","link":"https:\/\/www.aktionlegal.com\/en\/privacidad-desde-el-diseno-para-startups-en-fase-seed\/","title":{"rendered":"Privacidad desde el dise\u00f1o para startups en fase \u201cSEED\u201d"},"content":{"rendered":"<p>Una de las obligaciones m\u00e1s relevantes a la hora de lanzar nuestro proyecto en relaci\u00f3n con la protecci\u00f3n de los datos es la de la privacidad desde el dise\u00f1o.<strong> \u00bfQu\u00e9 debemos hacer para implementarla?<\/strong><\/p>\n<p>&nbsp;<\/p>\n<h2><strong><span style=\"color: #85afc6;\">\ud83d\udccc<\/span><span style=\"color: #000000;\"> He aqu\u00ed unos<\/span><span style=\"color: #85afc6;\"> consejos <span style=\"color: #000000;\">para implementar la privacidad desde el dise\u00f1o:<\/span><\/span><\/strong><\/h2>\n<p>&nbsp;<\/p>\n<p><img fetchpriority=\"high\" decoding=\"async\" class=\"aligncenter wp-image-4867 size-full\" src=\"https:\/\/www.aktionlegal.com\/wp-content\/uploads\/2021\/07\/INFOGRAFIAS-A4.jpg\" alt=\"\" width=\"1414\" height=\"2000\"><\/p>\n<p>&nbsp;<\/p>\n<h2><\/h2>\n<h2><strong><span style=\"color: #85afc6;\">\ud83d\udc49 Asegurar la privacidad por defecto desde la fase en la que estemos, es decir, la fase seed o fase de dise\u00f1o del producto o servicio:<\/span><\/strong><\/h2>\n<p>&nbsp;<\/p>\n<h3><span style=\"color: #282828;\">Y os preguntar\u00e9is <strong>\u00bfQu\u00e9 significa esto de la privacidad por defecto?<\/strong><\/span><\/h3>\n<p>Asegurar la privacidad por defecto supone que la configuraci\u00f3n predeterminada de nuestra web\/app donde vayamos a ofrecer nuestros productos y\/o servicios debe quedar establecida de manera que resulte lo m\u00e1s respetuosa en t\u00e9rminos de privacidad.<\/p>\n<h3><span style=\"color: #282828;\"><strong>\u00bfY esto en qu\u00e9 se traduce?<\/strong><\/span><\/h3>\n<p>Pues bien, en t\u00e9rminos pr\u00e1cticos esto se traducir\u00eda en una minimizaci\u00f3n de datos necesarios para llevar a cabo las finalidades determinadas, reducir la cantidad de participantes con acceso a dichos datos y la imposici\u00f3n de unos plazos de conservaci\u00f3n lo m\u00e1s reducidos posibles.<\/p>\n<p>&nbsp;<\/p>\n<h2>\ud83d\udc49<strong><span style=\"color: #85afc6;\"> Mentalidad \u201cwin-win\u201d:<\/span><\/strong><\/h2>\n<p>&nbsp;<\/p>\n<p>Debemos mantener una mentalidad abierta y buscar un balance \u00f3ptimo entre nuestros intereses como emprendedores y los de los usuarios como clientes. Es decir, que un aumento de la privacidad no conlleve una p\u00e9rdida de mis funcionalidades (como la eficiencia y el beneficio empresarial) y viceversa.<\/p>\n<p>Para poder alcanzar dicho equilibrio, desde las primeras etapas del desarrollo de nuestros productos y servicios, deberemos llevar a cabo medidas como la evaluaci\u00f3n y balance de los diferentes intereses leg\u00edtimos; y el establecimiento de canales de comunicaci\u00f3n con los usuarios.<\/p>\n<p>&nbsp;<\/p>\n<h2><strong><span style=\"color: #85afc6;\">\ud83d\udc49 Documentaci\u00f3n de las decisiones:<\/span><\/strong><\/h2>\n<p>&nbsp;<\/p>\n<p>La privacidad debe ser intr\u00ednseca a los sistemas, aplicaciones, productos y servicios, asi\u0301 como a las pra\u0301cticas de negocio y procesos de la organizacio\u0301n, desde el momento en el que se conciben y dise\u00f1an.<\/p>\n<p>Es probable que, a la hora de determinar ciertas estrategias comerciales que queramos llevar a cabo cuando lancemos nuestro proyecto al mercado, tengamos que realizar un an\u00e1lisis previo sobre los riesgos para los derechos y libertades de las personas que pueden conllevar dichas pr\u00e1cticas. De esta forma, todas las decisiones tomadas en base a dichos an\u00e1lisis de riesgos y de posibles evaluaciones de impacto sobre la protecci\u00f3n de datos, deber\u00e1n ser documentadas en aras de demostrar la diligencia adoptada por nuestra parte ante la Autoridad de Control correspondiente.<\/p>\n<p>&nbsp;<\/p>\n<h2><span style=\"color: #85afc6;\"><strong>\ud83d\udc49 Visibilidad y transparencia para garantizar la privacidad:<\/strong><\/span><\/h2>\n<p>&nbsp;<\/p>\n<p>La transparencia en el tratamiento de datos es b\u00e1sica como medida de confianza ante nuestros futuros clientes, cuyos datos ser\u00e1n tratados. De acuerdo con las exigencias del RGPD, los usuarios de nuestra web\/ app deber\u00e1n tener totalmente claro que en la misma se recogen, utilizan, consultan o tratan de cualquier otro modo datos personales que les conciernen, asi\u0301 como la medida en que dichos datos son o sera\u0301n tratados.<\/p>\n<h3><span style=\"color: #282828;\"><strong>\u00bfQu\u00e9 medidas puedo llevar a cabo para fomentar esta transparencia?<\/strong><\/span><\/h3>\n<p>A modo ejemplificativo, podr\u00edamos mencionar: la publicaci\u00f3n de nuestras pol\u00edticas de privacidad; difusi\u00f3n de la identidad del responsable de los tratamientos; revisar y asegurar el cumplimiento del contenido de los art\u00edculos 13 y 14 RGPD; as\u00ed como determinar con un especialista en privacidad qu\u00e9 informaci\u00f3n hay que incluir por cada uno de los apartados a los que se refieren estos dos preceptos.<\/p>\n<p>&nbsp;<\/p>\n<h2><span style=\"color: #85afc6;\"><strong>\ud83d\udc49 Atenci\u00f3n a la hora de contratar servicios o con proveedores:<\/strong><\/span><\/h2>\n<p>&nbsp;<\/p>\n<p>Cuando seleccionemos proveedores o servicios, nos fijaremos adem\u00e1s de en el precio, en la confianza y en la seguridad de los datos o si hay transferencias internacionales o no.<\/p>\n<p>Estas comprobaciones resultar\u00e1n especialmente relevantes en los casos en los que seamos corresponsables del tratamiento de los datos llevado a cabo por dichos proveedores.<\/p>\n<p>&nbsp;<\/p>\n<p>Si quieres saber m\u00e1s \ud83d\udc49<span style=\"color: #282828;\"><a style=\"color: #282828;\" href=\"https:\/\/bit.ly\/2Zyzcgp\" target=\"_blank\" rel=\"noopener\"><span style=\"background-color: #fff7d6;\"><strong> DESCARGA AQU\u00cd NUESTRO EBOOK GRATIS<\/strong><\/span><\/a><\/span><\/p>\n<p>&nbsp;<\/p>\n<h3><strong>\u00c1rea Tech &amp; Privacy&nbsp;<\/strong><\/h3>\n<p>&nbsp;<\/p>","protected":false},"excerpt":{"rendered":"<p>Una de las obligaciones m\u00e1s relevantes a la hora de lanzar nuestro proyecto en relaci\u00f3n con la protecci\u00f3n de los datos es la de la privacidad desde el dise\u00f1o. \u00bfQu\u00e9 debemos hacer para implementarla? &nbsp; \ud83d\udccc He aqu\u00ed unos consejos para implementar la privacidad desde el dise\u00f1o: &nbsp; &nbsp; \ud83d\udc49 Asegurar la privacidad por defecto [&hellip;]<\/p>\n","protected":false},"author":1,"featured_media":11674,"comment_status":"closed","ping_status":"open","sticky":false,"template":"","format":"standard","meta":{"footnotes":""},"categories":[1],"tags":[],"class_list":["post-4856","post","type-post","status-publish","format-standard","has-post-thumbnail","hentry","category-uncategorized"],"_links":{"self":[{"href":"https:\/\/www.aktionlegal.com\/en\/wp-json\/wp\/v2\/posts\/4856","targetHints":{"allow":["GET"]}}],"collection":[{"href":"https:\/\/www.aktionlegal.com\/en\/wp-json\/wp\/v2\/posts"}],"about":[{"href":"https:\/\/www.aktionlegal.com\/en\/wp-json\/wp\/v2\/types\/post"}],"author":[{"embeddable":true,"href":"https:\/\/www.aktionlegal.com\/en\/wp-json\/wp\/v2\/users\/1"}],"replies":[{"embeddable":true,"href":"https:\/\/www.aktionlegal.com\/en\/wp-json\/wp\/v2\/comments?post=4856"}],"version-history":[{"count":0,"href":"https:\/\/www.aktionlegal.com\/en\/wp-json\/wp\/v2\/posts\/4856\/revisions"}],"wp:featuredmedia":[{"embeddable":true,"href":"https:\/\/www.aktionlegal.com\/en\/wp-json\/wp\/v2\/media\/11674"}],"wp:attachment":[{"href":"https:\/\/www.aktionlegal.com\/en\/wp-json\/wp\/v2\/media?parent=4856"}],"wp:term":[{"taxonomy":"category","embeddable":true,"href":"https:\/\/www.aktionlegal.com\/en\/wp-json\/wp\/v2\/categories?post=4856"},{"taxonomy":"post_tag","embeddable":true,"href":"https:\/\/www.aktionlegal.com\/en\/wp-json\/wp\/v2\/tags?post=4856"}],"curies":[{"name":"wp","href":"https:\/\/api.w.org\/{rel}","templated":true}]}}